{"id":9655,"date":"2025-10-07T06:36:44","date_gmt":"2025-10-07T06:36:44","guid":{"rendered":"https:\/\/automation-inside.com\/eficiencia-energetica-na-wenglor-como-organizamos-um-negocio-sustentavel\/"},"modified":"2025-11-12T13:44:22","modified_gmt":"2025-11-12T13:44:22","slug":"eficiencia-energetica-na-wenglor-como-organizamos-um-negocio-sustentavel","status":"publish","type":"post","link":"https:\/\/we.automation-inside.com\/pt-br\/eficiencia-energetica-na-wenglor-como-organizamos-um-negocio-sustentavel\/","title":{"rendered":"Efici\u00eancia energ\u00e9tica na wenglor: como organizamos um neg\u00f3cio sustent\u00e1vel?"},"content":{"rendered":"\t\t<div data-elementor-type=\"wp-post\" data-elementor-id=\"9655\" class=\"elementor elementor-9655 elementor-1815\" data-elementor-post-type=\"post\">\n\t\t\t\t<div class=\"elementor-element elementor-element-f9bb731 e-flex e-con-boxed e-con e-parent\" data-id=\"f9bb731\" data-element_type=\"container\">\n\t\t\t\t\t<div class=\"e-con-inner\">\n\t\t<div class=\"elementor-element elementor-element-6438a4a e-con-full e-flex e-con e-child\" data-id=\"6438a4a\" data-element_type=\"container\">\n\t\t\t\t<div class=\"elementor-element elementor-element-9bea727 elementor-widget elementor-widget-global elementor-global-8174 elementor-global-10 elementor-widget-post-info\" data-id=\"9bea727\" data-element_type=\"widget\" data-widget_type=\"post-info.default\">\n\t\t\t\t\t\t\t<ul class=\"elementor-inline-items elementor-icon-list-items elementor-post-info\">\n\t\t\t\t\t\t\t\t<li class=\"elementor-icon-list-item elementor-repeater-item-7119e78 elementor-inline-item\" itemprop=\"about\">\n\t\t\t\t\t\t\t\t\t\t\t\t\t<span class=\"elementor-icon-list-text elementor-post-info__item elementor-post-info__item--type-terms\">\n\t\t\t\t\t\t\t\t\t\t<span class=\"elementor-post-info__terms-list\">\n\t\t\t\t<a href=\"https:\/\/we.automation-inside.com\/pt-br\/tag\/responsabilidade-social-corporativa\/\" class=\"elementor-post-info__terms-list-item\">Responsabilidade social corporativa<\/a>, <a href=\"https:\/\/we.automation-inside.com\/pt-br\/tag\/wegreen\/\" class=\"elementor-post-info__terms-list-item\">weGreen<\/a>\t\t\t\t<\/span>\n\t\t\t\t\t<\/span>\n\t\t\t\t\t\t\t\t<\/li>\n\t\t\t\t<\/ul>\n\t\t\t\t\t\t<\/div>\n\t\t\t\t<div class=\"elementor-element elementor-element-3e658e6 elementor-widget elementor-widget-global elementor-global-7833 elementor-global-34 elementor-widget-theme-post-title\" data-id=\"3e658e6\" data-element_type=\"widget\" data-widget_type=\"theme-post-title.default\">\n\t\t\t\t\t<h1 class=\"elementor-heading-title elementor-size-default\">Efici\u00eancia energ\u00e9tica na wenglor: como organizamos um neg\u00f3cio sustent\u00e1vel?<\/h1>\t\t\t\t<\/div>\n\t\t\t\t<div class=\"elementor-element elementor-element-8529289 elementor-widget elementor-widget-text-editor\" data-id=\"8529289\" data-element_type=\"widget\" data-widget_type=\"text-editor.default\">\n\t\t\t\t\t\t\t\t\t<p><strong>A sustentabilidade \u00e9 mais do que apenas uma palavra da moda para n\u00f3s da wenglor: \u00e9 um componente central de nossas a\u00e7\u00f5es. Em nossas divis\u00f5es de Clima e Energia, implementamos medidas direcionadas para usar a energia de forma mais eficiente e reduzir as emiss\u00f5es de CO\u2082. Ao fazer isso, combinamos tecnologias modernas, produ\u00e7\u00e3o interna e otimiza\u00e7\u00e3o de processos para buscar uma abordagem hol\u00edstica.  <\/strong><\/p>\t\t\t\t\t\t\t\t<\/div>\n\t\t\t\t<div class=\"elementor-element elementor-element-4bc879f elementor-widget elementor-widget-theme-post-featured-image elementor-widget-image\" data-id=\"4bc879f\" data-element_type=\"widget\" data-widget_type=\"theme-post-featured-image.default\">\n\t\t\t\t\t\t\t\t\t\t\t\t<figure class=\"wp-caption\">\n\t\t\t\t\t\t\t\t\t\t<img fetchpriority=\"high\" decoding=\"async\" width=\"1920\" height=\"1080\" src=\"https:\/\/we.automation-inside.com\/wp-content\/uploads\/2025\/10\/DJI_0075.jpg\" class=\"attachment-full size-full wp-image-9656\" alt=\"A imagem mostra uma foto de drone do edif\u00edcio wenglor em Unterschlei\u00dfheim.\" srcset=\"https:\/\/we.automation-inside.com\/wp-content\/uploads\/2025\/10\/DJI_0075.jpg 1920w, https:\/\/we.automation-inside.com\/wp-content\/uploads\/2025\/10\/DJI_0075-300x169.jpg 300w, https:\/\/we.automation-inside.com\/wp-content\/uploads\/2025\/10\/DJI_0075-1024x576.jpg 1024w, https:\/\/we.automation-inside.com\/wp-content\/uploads\/2025\/10\/DJI_0075-768x432.jpg 768w, https:\/\/we.automation-inside.com\/wp-content\/uploads\/2025\/10\/DJI_0075-1536x864.jpg 1536w\" sizes=\"(max-width: 1920px) 100vw, 1920px\" \/>\t\t\t\t\t\t\t\t\t\t\t<figcaption class=\"widget-image-caption wp-caption-text\">Edif\u00edcio wenglor em Unterschlei\u00dfheim<\/figcaption>\n\t\t\t\t\t\t\t\t\t\t<\/figure>\n\t\t\t\t\t\t\t\t\t<\/div>\n\t\t\t\t<div class=\"elementor-element elementor-element-7cc9e7f elementor-widget elementor-widget-text-editor\" data-id=\"7cc9e7f\" data-element_type=\"widget\" data-widget_type=\"text-editor.default\">\n\t\t\t\t\t\t\t\t\t<h2>Como podemos aumentar a efici\u00eancia energ\u00e9tica de nossos edif\u00edcios?<\/h2><p>A otimiza\u00e7\u00e3o de nossos sistemas de aquecimento, ventila\u00e7\u00e3o e ar condicionado \u00e9 um componente fundamental. Ao usar sistemas de ventila\u00e7\u00e3o altamente eficientes com recupera\u00e7\u00e3o de calor, podemos economizar energia e, ao mesmo tempo, garantir um clima interno agrad\u00e1vel nos escrit\u00f3rios e nas \u00e1reas de produ\u00e7\u00e3o. Alguns sistemas tamb\u00e9m t\u00eam fun\u00e7\u00f5es de umidifica\u00e7\u00e3o e desumidifica\u00e7\u00e3o que contribuem para o conforto e a produtividade de nossos funcion\u00e1rios.  <\/p><p>Tamb\u00e9m usamos energia geot\u00e9rmica para gerar aquecimento e resfriamento de forma ecologicamente correta. Esse m\u00e9todo n\u00e3o apenas reduz nosso consumo de energia, mas tamb\u00e9m ajuda a reduzir a pegada de carbono de nossas instala\u00e7\u00f5es. Tamb\u00e9m prestamos aten\u00e7\u00e3o ao isolamento de nossos edif\u00edcios e \u00e0 otimiza\u00e7\u00e3o cont\u00ednua de nossos sistemas de ventila\u00e7\u00e3o e ar condicionado.  <\/p>\t\t\t\t\t\t\t\t<\/div>\n\t\t\t\t<div class=\"elementor-element elementor-element-19566f0 elementor-widget elementor-widget-text-editor\" data-id=\"19566f0\" data-element_type=\"widget\" data-widget_type=\"text-editor.default\">\n\t\t\t\t\t\t\t\t\t<h2>Qual \u00e9 o papel da gera\u00e7\u00e3o interna de energia?<\/h2><p>O fornecimento de energia sustent\u00e1vel \u00e9 outro aspecto importante de nossa estrat\u00e9gia. Contamos com energia fotovoltaica para gerar eletricidade e implementamos uma usina combinada de calor e energia que fornece energia adicional. Isso nos permite cobrir parte de nossas necessidades de energia, reduzir nosso impacto ambiental e, ao mesmo tempo, aumentar a seguran\u00e7a do fornecimento em nossas instala\u00e7\u00f5es.  <\/p><p>A combina\u00e7\u00e3o de energia renov\u00e1vel, aquecimento e resfriamento geot\u00e9rmico e sistemas de constru\u00e7\u00e3o com efici\u00eancia energ\u00e9tica forma a base para um conceito de energia sustent\u00e1vel que faz sentido tanto do ponto de vista ecol\u00f3gico quanto econ\u00f4mico.<\/p>\t\t\t\t\t\t\t\t<\/div>\n\t\t\t\t<div class=\"elementor-element elementor-element-eee023f elementor-widget elementor-widget-text-editor\" data-id=\"eee023f\" data-element_type=\"widget\" data-widget_type=\"text-editor.default\">\n\t\t\t\t\t\t\t\t\t<h2>Como podemos desenvolver continuamente nossa efici\u00eancia energ\u00e9tica?<\/h2><p>Para n\u00f3s, a sustentabilidade n\u00e3o termina com a implementa\u00e7\u00e3o de medidas individuais. Buscamos um processo de melhoria cont\u00ednua que abrange todas as \u00e1reas de gera\u00e7\u00e3o de energia, consumo e tecnologia de constru\u00e7\u00e3o. Isso inclui a otimiza\u00e7\u00e3o dos sistemas existentes, a integra\u00e7\u00e3o de novas tecnologias e a adapta\u00e7\u00e3o de processos para usar a energia de forma mais eficiente.  <\/p><p>O objetivo \u00e9 reduzir as emiss\u00f5es de CO\u2082 a longo prazo, aumentar a efici\u00eancia energ\u00e9tica e, ao mesmo tempo, garantir o conforto de nossos funcion\u00e1rios. Dessa forma, combinamos prote\u00e7\u00e3o clim\u00e1tica com efici\u00eancia operacional e criamos uma base sustent\u00e1vel para o futuro. <\/p><figure id=\"attachment_1325\" aria-describedby=\"caption-attachment-1325\" style=\"width: 800px\" class=\"wp-caption alignleft\"><img decoding=\"async\" class=\"wp-image-1325 size-large\" src=\"https:\/\/we.automation-inside.com\/wp-content\/uploads\/2025\/10\/Klima_Waerme-Kaelteerzeugung-1024x576.jpg\" alt=\"Sistema geot\u00e9rmico para gera\u00e7\u00e3o de calor e frio nos edif\u00edcios wenglor.\" width=\"800\" height=\"450\" srcset=\"https:\/\/we.automation-inside.com\/wp-content\/uploads\/2025\/10\/Klima_Waerme-Kaelteerzeugung-1024x576.jpg 1024w, https:\/\/we.automation-inside.com\/wp-content\/uploads\/2025\/10\/Klima_Waerme-Kaelteerzeugung-300x169.jpg 300w, https:\/\/we.automation-inside.com\/wp-content\/uploads\/2025\/10\/Klima_Waerme-Kaelteerzeugung-768x432.jpg 768w, https:\/\/we.automation-inside.com\/wp-content\/uploads\/2025\/10\/Klima_Waerme-Kaelteerzeugung-1536x864.jpg 1536w, https:\/\/we.automation-inside.com\/wp-content\/uploads\/2025\/10\/Klima_Waerme-Kaelteerzeugung.jpg 1920w\" sizes=\"(max-width: 800px) 100vw, 800px\" \/><figcaption id=\"caption-attachment-1325\" class=\"wp-caption-text\">Aquecimento e resfriamento eficientes com o sistema geot\u00e9rmico<\/figcaption><\/figure>\t\t\t\t\t\t\t\t<\/div>\n\t\t\t\t<div class=\"elementor-element elementor-element-56369b4 elementor-widget elementor-widget-text-editor\" data-id=\"56369b4\" data-element_type=\"widget\" data-widget_type=\"text-editor.default\">\n\t\t\t\t\t\t\t\t\t<h2>Conclus\u00e3o<\/h2><p>Na wenglor, o gerenciamento sustent\u00e1vel n\u00e3o \u00e9 um projeto individual, mas um processo cont\u00ednuo. Ao combinar energia geot\u00e9rmica, energia fotovoltaica, uma usina combinada de calor e energia, sistemas de ventila\u00e7\u00e3o e ar condicionado com efici\u00eancia energ\u00e9tica e otimiza\u00e7\u00e3o cont\u00ednua de processos, estamos tornando nosso fornecimento de energia sustent\u00e1vel. Com essa abordagem, reduzimos as emiss\u00f5es de CO\u2082, aumentamos a efici\u00eancia de nossos edif\u00edcios e processos de produ\u00e7\u00e3o e contribu\u00edmos ativamente para o uso respons\u00e1vel dos recursos.  <\/p>\t\t\t\t\t\t\t\t<\/div>\n\t\t\t\t<div class=\"elementor-element elementor-element-6bc2cd4 elementor-widget elementor-widget-global elementor-global-7875 elementor-global-22 elementor-widget-spacer\" data-id=\"6bc2cd4\" data-element_type=\"widget\" data-widget_type=\"spacer.default\">\n\t\t\t\t\t\t\t<div class=\"elementor-spacer\">\n\t\t\t<div class=\"elementor-spacer-inner\"><\/div>\n\t\t<\/div>\n\t\t\t\t\t\t<\/div>\n\t\t\t\t<\/div>\n\t\t<div class=\"elementor-element elementor-element-170e228 e-con-full elementor-hidden-mobile elementor-hidden-tablet e-flex e-con e-child\" data-id=\"170e228\" data-element_type=\"container\" data-settings=\"{&quot;sticky&quot;:&quot;top&quot;,&quot;sticky_on&quot;:[&quot;desktop&quot;,&quot;tablet&quot;],&quot;sticky_parent&quot;:&quot;yes&quot;,&quot;sticky_offset&quot;:0,&quot;sticky_effects_offset&quot;:0,&quot;sticky_anchor_link_offset&quot;:0}\">\n\t\t\t\t<div class=\"elementor-element elementor-element-9577fc8 elementor-grid-1 elementor-grid-tablet-2 elementor-grid-mobile-1 elementor-posts--thumbnail-top elementor-widget elementor-widget-posts\" data-id=\"9577fc8\" data-element_type=\"widget\" data-settings=\"{&quot;classic_columns&quot;:&quot;1&quot;,&quot;classic_columns_tablet&quot;:&quot;2&quot;,&quot;classic_columns_mobile&quot;:&quot;1&quot;,&quot;classic_row_gap&quot;:{&quot;unit&quot;:&quot;px&quot;,&quot;size&quot;:35,&quot;sizes&quot;:[]},&quot;classic_row_gap_tablet&quot;:{&quot;unit&quot;:&quot;px&quot;,&quot;size&quot;:&quot;&quot;,&quot;sizes&quot;:[]},&quot;classic_row_gap_mobile&quot;:{&quot;unit&quot;:&quot;px&quot;,&quot;size&quot;:&quot;&quot;,&quot;sizes&quot;:[]}}\" data-widget_type=\"posts.classic\">\n\t\t\t\t<div class=\"elementor-widget-container\">\n\t\t\t\t\t\t\t<div class=\"elementor-posts-container elementor-posts elementor-posts--skin-classic elementor-grid\" role=\"list\">\n\t\t\t\t<article class=\"elementor-post elementor-grid-item post-24162 post type-post status-publish format-standard has-post-thumbnail hentry category-nocoes-basicas tag-barreira-de-reflexo-do-espelho tag-controle-de-nivel-de-enchimento tag-leveltech tag-medicao-de-nivel tag-sensor-de-distancia-a-laser tag-sensor-de-distancia-ultrassonico tag-sensores-de-anel-indutivo\" role=\"listitem\">\n\t\t\t\t<a class=\"elementor-post__thumbnail__link\" href=\"https:\/\/we.automation-inside.com\/pt-br\/como-o-nivel-de-enchimento-pode-ser-medido-de-forma-confiavel-independentemente-do-material-e-do-meio\/\" tabindex=\"-1\" >\n\t\t\t<div class=\"elementor-post__thumbnail\"><img decoding=\"async\" width=\"300\" height=\"169\" src=\"https:\/\/we.automation-inside.com\/wp-content\/uploads\/2025\/11\/Fuellstandsmessung_Headerbild_Neu-300x169.jpg\" class=\"attachment-medium size-medium wp-image-24165\" alt=\"Medi\u00e7\u00e3o precisa dos n\u00edveis de enchimento \u2013 sem contato e confi\u00e1vel\" srcset=\"https:\/\/we.automation-inside.com\/wp-content\/uploads\/2025\/11\/Fuellstandsmessung_Headerbild_Neu-300x169.jpg 300w, https:\/\/we.automation-inside.com\/wp-content\/uploads\/2025\/11\/Fuellstandsmessung_Headerbild_Neu-1024x576.jpg 1024w, https:\/\/we.automation-inside.com\/wp-content\/uploads\/2025\/11\/Fuellstandsmessung_Headerbild_Neu-768x432.jpg 768w, https:\/\/we.automation-inside.com\/wp-content\/uploads\/2025\/11\/Fuellstandsmessung_Headerbild_Neu-1536x864.jpg 1536w, https:\/\/we.automation-inside.com\/wp-content\/uploads\/2025\/11\/Fuellstandsmessung_Headerbild_Neu.jpg 1920w\" sizes=\"(max-width: 300px) 100vw, 300px\" \/><\/div>\n\t\t<\/a>\n\t\t\t\t<div class=\"elementor-post__text\">\n\t\t\t\t<h3 class=\"elementor-post__title\">\n\t\t\t<a href=\"https:\/\/we.automation-inside.com\/pt-br\/como-o-nivel-de-enchimento-pode-ser-medido-de-forma-confiavel-independentemente-do-material-e-do-meio\/\" >\n\t\t\t\tComo o n\u00edvel de enchimento pode ser medido de forma confi\u00e1vel \u2013 independentemente do material e do meio?\t\t\t<\/a>\n\t\t<\/h3>\n\t\t\t\t<div class=\"elementor-post__meta-data\">\n\t\t\t\t\t<span class=\"elementor-post-date\">\n\t\t\tabril 23, 2026\t\t<\/span>\n\t\t\t\t<\/div>\n\t\t\n\t\t<a class=\"elementor-post__read-more\" href=\"https:\/\/we.automation-inside.com\/pt-br\/como-o-nivel-de-enchimento-pode-ser-medido-de-forma-confiavel-independentemente-do-material-e-do-meio\/\" aria-label=\"Leia mais sobre Como o n\u00edvel de enchimento pode ser medido de forma confi\u00e1vel \u2013 independentemente do material e do meio?\" tabindex=\"-1\" >\n\t\t\tPara o artigo\t\t<\/a>\n\n\t\t\t\t<\/div>\n\t\t\t\t<\/article>\n\t\t\t\t<article class=\"elementor-post elementor-grid-item post-24892 post type-post status-publish format-standard has-post-thumbnail hentry category-aplicativos tag-camera-inteligente-b60 tag-engenharia-automotiva tag-leitura-do-codigo\" role=\"listitem\">\n\t\t\t\t<a class=\"elementor-post__thumbnail__link\" href=\"https:\/\/we.automation-inside.com\/pt-br\/como-codigos-em-paineis-podem-ser-lidos-de-forma-confiavel-a-longa-distancia\/\" tabindex=\"-1\" >\n\t\t\t<div class=\"elementor-post__thumbnail\"><img loading=\"lazy\" decoding=\"async\" width=\"300\" height=\"169\" src=\"https:\/\/we.automation-inside.com\/wp-content\/uploads\/2026\/04\/Armaturenbrett_Auto-300x169.jpg\" class=\"attachment-medium size-medium wp-image-24894\" alt=\"Painel de um carro com etiquetas de c\u00f3digo coladas\" srcset=\"https:\/\/we.automation-inside.com\/wp-content\/uploads\/2026\/04\/Armaturenbrett_Auto-300x169.jpg 300w, https:\/\/we.automation-inside.com\/wp-content\/uploads\/2026\/04\/Armaturenbrett_Auto-1024x576.jpg 1024w, https:\/\/we.automation-inside.com\/wp-content\/uploads\/2026\/04\/Armaturenbrett_Auto-768x432.jpg 768w, https:\/\/we.automation-inside.com\/wp-content\/uploads\/2026\/04\/Armaturenbrett_Auto-1536x864.jpg 1536w, https:\/\/we.automation-inside.com\/wp-content\/uploads\/2026\/04\/Armaturenbrett_Auto.jpg 1920w\" sizes=\"(max-width: 300px) 100vw, 300px\" \/><\/div>\n\t\t<\/a>\n\t\t\t\t<div class=\"elementor-post__text\">\n\t\t\t\t<h3 class=\"elementor-post__title\">\n\t\t\t<a href=\"https:\/\/we.automation-inside.com\/pt-br\/como-codigos-em-paineis-podem-ser-lidos-de-forma-confiavel-a-longa-distancia\/\" >\n\t\t\t\tComo c\u00f3digos em pain\u00e9is podem ser lidos de forma confi\u00e1vel a longa dist\u00e2ncia?\t\t\t<\/a>\n\t\t<\/h3>\n\t\t\t\t<div class=\"elementor-post__meta-data\">\n\t\t\t\t\t<span class=\"elementor-post-date\">\n\t\t\tabril 17, 2026\t\t<\/span>\n\t\t\t\t<\/div>\n\t\t\n\t\t<a class=\"elementor-post__read-more\" href=\"https:\/\/we.automation-inside.com\/pt-br\/como-codigos-em-paineis-podem-ser-lidos-de-forma-confiavel-a-longa-distancia\/\" aria-label=\"Leia mais sobre Como c\u00f3digos em pain\u00e9is podem ser lidos de forma confi\u00e1vel a longa dist\u00e2ncia?\" tabindex=\"-1\" >\n\t\t\tPara o artigo\t\t<\/a>\n\n\t\t\t\t<\/div>\n\t\t\t\t<\/article>\n\t\t\t\t<article class=\"elementor-post elementor-grid-item post-24997 post type-post status-publish format-standard has-post-thumbnail hentry category-aplicativos tag-reconhecimento-de-objetos tag-rolamentos-de-alta-velocidade tag-superficies-escuras tag-teste-de-documentos\" role=\"listitem\">\n\t\t\t\t<a class=\"elementor-post__thumbnail__link\" href=\"https:\/\/we.automation-inside.com\/pt-br\/como-a-ocupacao-dos-compartimentos-das-prateleiras-pode-ser-detectada-de-forma-confiavel-para-objetos-brilhantes-e-pretos\/\" tabindex=\"-1\" >\n\t\t\t<div class=\"elementor-post__thumbnail\"><img loading=\"lazy\" decoding=\"async\" width=\"262\" height=\"300\" src=\"https:\/\/we.automation-inside.com\/wp-content\/uploads\/2025\/09\/AdobeStock_50981877-262x300.jpeg\" class=\"attachment-medium size-medium wp-image-19459\" alt=\"\" srcset=\"https:\/\/we.automation-inside.com\/wp-content\/uploads\/2025\/09\/AdobeStock_50981877-262x300.jpeg 262w, https:\/\/we.automation-inside.com\/wp-content\/uploads\/2025\/09\/AdobeStock_50981877-895x1024.jpeg 895w, https:\/\/we.automation-inside.com\/wp-content\/uploads\/2025\/09\/AdobeStock_50981877-768x878.jpeg 768w, https:\/\/we.automation-inside.com\/wp-content\/uploads\/2025\/09\/AdobeStock_50981877-1343x1536.jpeg 1343w, https:\/\/we.automation-inside.com\/wp-content\/uploads\/2025\/09\/AdobeStock_50981877-1791x2048.jpeg 1791w\" sizes=\"(max-width: 262px) 100vw, 262px\" \/><\/div>\n\t\t<\/a>\n\t\t\t\t<div class=\"elementor-post__text\">\n\t\t\t\t<h3 class=\"elementor-post__title\">\n\t\t\t<a href=\"https:\/\/we.automation-inside.com\/pt-br\/como-a-ocupacao-dos-compartimentos-das-prateleiras-pode-ser-detectada-de-forma-confiavel-para-objetos-brilhantes-e-pretos\/\" >\n\t\t\t\tComo a ocupa\u00e7\u00e3o dos compartimentos das prateleiras pode ser detectada de forma confi\u00e1vel para objetos brilhantes e pretos?\t\t\t<\/a>\n\t\t<\/h3>\n\t\t\t\t<div class=\"elementor-post__meta-data\">\n\t\t\t\t\t<span class=\"elementor-post-date\">\n\t\t\tabril 16, 2026\t\t<\/span>\n\t\t\t\t<\/div>\n\t\t\n\t\t<a class=\"elementor-post__read-more\" href=\"https:\/\/we.automation-inside.com\/pt-br\/como-a-ocupacao-dos-compartimentos-das-prateleiras-pode-ser-detectada-de-forma-confiavel-para-objetos-brilhantes-e-pretos\/\" aria-label=\"Leia mais sobre Como a ocupa\u00e7\u00e3o dos compartimentos das prateleiras pode ser detectada de forma confi\u00e1vel para objetos brilhantes e pretos?\" tabindex=\"-1\" >\n\t\t\tPara o artigo\t\t<\/a>\n\n\t\t\t\t<\/div>\n\t\t\t\t<\/article>\n\t\t\t\t<\/div>\n\t\t\n\t\t\t\t\t\t<\/div>\n\t\t\t\t<\/div>\n\t\t\t\t<\/div>\n\t\t<div class=\"elementor-element elementor-element-3f13fdf e-con-full elementor-hidden-mobile e-flex e-con e-child\" data-id=\"3f13fdf\" data-element_type=\"container\" data-settings=\"{&quot;sticky&quot;:&quot;top&quot;,&quot;sticky_on&quot;:[&quot;desktop&quot;,&quot;tablet&quot;],&quot;sticky_parent&quot;:&quot;yes&quot;,&quot;sticky_offset&quot;:0,&quot;sticky_effects_offset&quot;:0,&quot;sticky_anchor_link_offset&quot;:0}\">\n\t\t\t\t<\/div>\n\t\t\t\t\t<\/div>\n\t\t\t\t<\/div>\n\t\t<div class=\"elementor-element elementor-element-a4d7e25 elementor-hidden-desktop elementor-hidden-tablet elementor-hidden-mobile e-flex e-con-boxed e-con e-parent\" data-id=\"a4d7e25\" data-element_type=\"container\">\n\t\t\t\t\t<div class=\"e-con-inner\">\n\t\t\t\t<div class=\"elementor-element elementor-element-ab61749 elementor-widget-divider--view-line elementor-widget elementor-widget-global elementor-global-7187 elementor-global-337 elementor-widget-divider\" data-id=\"ab61749\" data-element_type=\"widget\" data-widget_type=\"divider.default\">\n\t\t\t\t\t\t\t<div class=\"elementor-divider\">\n\t\t\t<span class=\"elementor-divider-separator\">\n\t\t\t\t\t\t<\/span>\n\t\t<\/div>\n\t\t\t\t\t\t<\/div>\n\t\t<div class=\"elementor-element elementor-element-3e1ead7 e-con-full e-flex e-con e-child\" data-id=\"3e1ead7\" data-element_type=\"container\">\n\t\t<div class=\"elementor-element elementor-element-3423378 e-con-full e-flex e-con e-child\" data-id=\"3423378\" data-element_type=\"container\">\n\t\t\t\t<div class=\"elementor-element elementor-element-b19cdee elementor-widget elementor-widget-heading\" data-id=\"b19cdee\" data-element_type=\"widget\" data-widget_type=\"heading.default\">\n\t\t\t\t\t<h2 class=\"elementor-heading-title elementor-size-default\">Autor<\/h2>\t\t\t\t<\/div>\n\t\t\t\t<div class=\"elementor-element elementor-element-426ff13 elementor-widget elementor-widget-spacer\" data-id=\"426ff13\" data-element_type=\"widget\" data-widget_type=\"spacer.default\">\n\t\t\t\t\t\t\t<div class=\"elementor-spacer\">\n\t\t\t<div class=\"elementor-spacer-inner\"><\/div>\n\t\t<\/div>\n\t\t\t\t\t\t<\/div>\n\t\t\t\t<div class=\"elementor-element elementor-element-2905a9c elementor-widget elementor-widget-author-box\" data-id=\"2905a9c\" data-element_type=\"widget\" data-widget_type=\"author-box.default\">\n\t\t\t\t\t\t\t<div class=\"elementor-author-box\">\n\t\t\t\t\t\t\t<div  class=\"elementor-author-box__avatar\">\n\t\t\t\t\t<img decoding=\"async\" src=\"https:\/\/we.automation-inside.com\/wp-content\/plugins\/elementor\/assets\/images\/placeholder.png\" alt=\"Foto de Max Mustermann\" loading=\"lazy\">\n\t\t\t\t<\/div>\n\t\t\t\n\t\t\t<div class=\"elementor-author-box__text\">\n\t\t\t\t\t\t\t\t\t<div >\n\t\t\t\t\t\t<h4 class=\"elementor-author-box__name\">\n\t\t\t\t\t\t\tMax Mustermann\t\t\t\t\t\t<\/h4>\n\t\t\t\t\t<\/div>\n\t\t\t\t\n\t\t\t\t\t\t\t\t\t<div class=\"elementor-author-box__bio\">\n\t\t\t\t\t\t<p>Cargo<\/p>\n\t\t\t\t\t<\/div>\n\t\t\t\t\n\t\t\t\t\t\t\t<\/div>\n\t\t<\/div>\n\t\t\t\t\t\t<\/div>\n\t\t\t\t<\/div>\n\t\t<div class=\"elementor-element elementor-element-1efd648 e-con-full e-flex e-con e-child\" data-id=\"1efd648\" data-element_type=\"container\">\n\t\t\t\t<\/div>\n\t\t\t\t<\/div>\n\t\t\t\t<div class=\"elementor-element elementor-element-837b93b elementor-widget elementor-widget-spacer\" data-id=\"837b93b\" data-element_type=\"widget\" data-widget_type=\"spacer.default\">\n\t\t\t\t\t\t\t<div class=\"elementor-spacer\">\n\t\t\t<div class=\"elementor-spacer-inner\"><\/div>\n\t\t<\/div>\n\t\t\t\t\t\t<\/div>\n\t\t\t\t\t<\/div>\n\t\t\t\t<\/div>\n\t\t\t\t<\/div>\n\t\t","protected":false},"excerpt":{"rendered":"<p>Sustentabilidade na wenglor: Descubra como usamos a energia de forma eficiente e reduzimos as emiss\u00f5es de CO\u2082 por meio de energia geot\u00e9rmica, fotovoltaica, recupera\u00e7\u00e3o de calor e otimiza\u00e7\u00e3o de processos.<\/p>\n","protected":false},"author":8,"featured_media":9656,"comment_status":"closed","ping_status":"open","sticky":false,"template":"elementor_header_footer","format":"standard","meta":{"footnotes":""},"categories":[1487],"tags":[1489,1488],"class_list":["post-9655","post","type-post","status-publish","format-standard","has-post-thumbnail","hentry","category-sustentabilidade","tag-responsabilidade-social-corporativa","tag-wegreen"],"_links":{"self":[{"href":"https:\/\/we.automation-inside.com\/pt-br\/wp-json\/wp\/v2\/posts\/9655","targetHints":{"allow":["GET"]}}],"collection":[{"href":"https:\/\/we.automation-inside.com\/pt-br\/wp-json\/wp\/v2\/posts"}],"about":[{"href":"https:\/\/we.automation-inside.com\/pt-br\/wp-json\/wp\/v2\/types\/post"}],"author":[{"embeddable":true,"href":"https:\/\/we.automation-inside.com\/pt-br\/wp-json\/wp\/v2\/users\/8"}],"replies":[{"embeddable":true,"href":"https:\/\/we.automation-inside.com\/pt-br\/wp-json\/wp\/v2\/comments?post=9655"}],"version-history":[{"count":2,"href":"https:\/\/we.automation-inside.com\/pt-br\/wp-json\/wp\/v2\/posts\/9655\/revisions"}],"predecessor-version":[{"id":10992,"href":"https:\/\/we.automation-inside.com\/pt-br\/wp-json\/wp\/v2\/posts\/9655\/revisions\/10992"}],"wp:featuredmedia":[{"embeddable":true,"href":"https:\/\/we.automation-inside.com\/pt-br\/wp-json\/wp\/v2\/media\/9656"}],"wp:attachment":[{"href":"https:\/\/we.automation-inside.com\/pt-br\/wp-json\/wp\/v2\/media?parent=9655"}],"wp:term":[{"taxonomy":"category","embeddable":true,"href":"https:\/\/we.automation-inside.com\/pt-br\/wp-json\/wp\/v2\/categories?post=9655"},{"taxonomy":"post_tag","embeddable":true,"href":"https:\/\/we.automation-inside.com\/pt-br\/wp-json\/wp\/v2\/tags?post=9655"}],"curies":[{"name":"wp","href":"https:\/\/api.w.org\/{rel}","templated":true}]}}